{"id":1000,"date":"2018-11-27T16:45:29","date_gmt":"2018-11-27T16:45:29","guid":{"rendered":"https:\/\/biogaslechero.minenergia.cl\/?p=1000"},"modified":"2018-11-27T17:20:59","modified_gmt":"2018-11-27T17:20:59","slug":"taller-biogas-tomadores-decision","status":"publish","type":"post","link":"https:\/\/biogaslechero.minenergia.cl\/?p=1000","title":{"rendered":"Taller Biogas para tomadores de decisi\u00f3n 3 &#8211; 4 Diciembre Valdivia; 5 &#8211; 6 Diciembre P. Montt; 13 &#8211; 14 Diciembre 2018 Santiago"},"content":{"rendered":"<p class=\"c-margin-t-10 c-margin-b-30\">Objetivo:\u00a0<b>capacitar en materia de biog\u00e1s a tomadores de decisi\u00f3n<\/b>\u00a0como lo son los profesionales del sector p\u00fablico (Servicios regionales ministeriales, Agencias de fomento, Instituciones de desarrollo y producci\u00f3n, entre otros), y profesionales del sector financiero (Bancos, Agencias financieras) para, de esa forma,\u00a0<b>promover un mayor entendimiento de la tecnolog\u00eda de digesti\u00f3n anaer\u00f3bica<\/b>\u00a0en aspectos t\u00e9cnicos y econ\u00f3micos, que les permita evaluar con mayores antecedentes y conocimientos, proyectos de biog\u00e1s que se presenten en cada uno de los sectores involucrados.<\/p>\n<p class=\"c-margin-t-10 c-margin-b-30\">Por ello se invita a\u00a0<b>profesionales del sector p\u00fablico<\/b>\u00a0como Secretar\u00edas Regionales Ministeriales de Energ\u00eda, Agricultura y Medio Ambiente, as\u00ed como CORFO, INDAP, Gobiernos Regionales, entre otros, quienes cumplen un rol muy importante al apoyar, formular y\/o evaluar proyectos de digesti\u00f3n anaer\u00f3bica. Por otro lado, invitar las personas interesadas de la banca e instituciones financieras que ven en las energ\u00edas renovables un atractivo sector en crecimiento, pero quienes muchas veces carecen de los conocimientos y herramientas para evaluar proyectos de esta naturaleza.<\/p>\n<p class=\"c-margin-t-10 c-margin-b-30\">Programa e inscripciones en: <a href=\"http:\/\/www.cursobiogas.cl\/taller2018\">www.cursobiogas.cl\/taller2018<\/a><\/p>\n<p class=\"c-margin-t-10 c-margin-b-30\"><strong>Fechas programadas:<\/strong><\/p>\n<p><strong>Taller Valdivia<\/strong><br \/>\nFechas: 03 y 04 de diciembre 2018<br \/>\nLugar: Hotel Diego de Almagro<br \/>\nSal\u00f3n: Valdivia<\/p>\n<p><strong>Taller Puerto Montt<\/strong><br \/>\nFechas: 05 y 06 de diciembre 2018<br \/>\nLugar: Hotel Manquehue<br \/>\nSal\u00f3n: Llanquihue<\/p>\n<p><strong>Taller Santiago<\/strong><br \/>\nFechas: 13 y 14 de diciembre 2018<br \/>\nLugar: Centro de Convenci\u00f3n Fundador (almuerzos en Hotel Fundador, justo al<br \/>\nlado)<br \/>\nSal\u00f3n: Gobernador II<\/p>\n","protected":false},"excerpt":{"rendered":"<p>Objetivo:\u00a0capacitar en materia de biog\u00e1s a tomadores de decisi\u00f3n\u00a0como lo son los profesionales del sector p\u00fablico (Servicios regionales ministeriales, Agencias de fomento, Instituciones de desarrollo y producci\u00f3n, entre otros), y profesionales del sector financiero (Bancos, Agencias financieras) para, de esa forma,\u00a0promover un mayor entendimiento de la tecnolog\u00eda de digesti\u00f3n anaer\u00f3bica\u00a0en aspectos t\u00e9cnicos y econ\u00f3micos, que [&hellip;]<\/p>\n","protected":false},"author":4,"featured_media":1001,"comment_status":"open","ping_status":"open","sticky":false,"template":"","format":"standard","meta":{"_acf_changed":false,"footnotes":""},"categories":[18,20,3],"tags":[],"class_list":["post-1000","post","type-post","status-publish","format-standard","has-post-thumbnail","hentry","category-eventos","category-noticias","category-novedades"],"acf":[],"_links":{"self":[{"href":"https:\/\/biogaslechero.minenergia.cl\/index.php?rest_route=\/wp\/v2\/posts\/1000","targetHints":{"allow":["GET"]}}],"collection":[{"href":"https:\/\/biogaslechero.minenergia.cl\/index.php?rest_route=\/wp\/v2\/posts"}],"about":[{"href":"https:\/\/biogaslechero.minenergia.cl\/index.php?rest_route=\/wp\/v2\/types\/post"}],"author":[{"embeddable":true,"href":"https:\/\/biogaslechero.minenergia.cl\/index.php?rest_route=\/wp\/v2\/users\/4"}],"replies":[{"embeddable":true,"href":"https:\/\/biogaslechero.minenergia.cl\/index.php?rest_route=%2Fwp%2Fv2%2Fcomments&post=1000"}],"version-history":[{"count":4,"href":"https:\/\/biogaslechero.minenergia.cl\/index.php?rest_route=\/wp\/v2\/posts\/1000\/revisions"}],"predecessor-version":[{"id":1014,"href":"https:\/\/biogaslechero.minenergia.cl\/index.php?rest_route=\/wp\/v2\/posts\/1000\/revisions\/1014"}],"wp:featuredmedia":[{"embeddable":true,"href":"https:\/\/biogaslechero.minenergia.cl\/index.php?rest_route=\/wp\/v2\/media\/1001"}],"wp:attachment":[{"href":"https:\/\/biogaslechero.minenergia.cl\/index.php?rest_route=%2Fwp%2Fv2%2Fmedia&parent=1000"}],"wp:term":[{"taxonomy":"category","embeddable":true,"href":"https:\/\/biogaslechero.minenergia.cl\/index.php?rest_route=%2Fwp%2Fv2%2Fcategories&post=1000"},{"taxonomy":"post_tag","embeddable":true,"href":"https:\/\/biogaslechero.minenergia.cl\/index.php?rest_route=%2Fwp%2Fv2%2Ftags&post=1000"}],"curies":[{"name":"wp","href":"https:\/\/api.w.org\/{rel}","templated":true}]}}