{"id":774,"date":"2016-11-07T13:47:25","date_gmt":"2016-11-07T13:47:25","guid":{"rendered":"http:\/\/www.biogaslechero.cl\/?p=774"},"modified":"2018-11-27T17:07:27","modified_gmt":"2018-11-27T17:07:27","slug":"exitosa-participacion-de-agricultores-lecheros-en-mexico-y-costa-rica-conociendo-la-tecnologia-del-biogas","status":"publish","type":"post","link":"https:\/\/biogaslechero.minenergia.cl\/?p=774","title":{"rendered":"Exitosa participaci\u00f3n de Agricultores lecheros en M\u00e9xico y Costa Rica conociendo la tecnolog\u00eda del Biog\u00e1s"},"content":{"rendered":"<p>El 19 de Octubre 2016 en el Hotel Sonesta de Osorno, Regi\u00f3n de Los Lagos, se realiz\u00f3 el seminario de difusi\u00f3n \u201cGira de prospecci\u00f3n de tecnolog\u00edas en biodigesti\u00f3n anaer\u00f3bica de residuos de la agroindustria de Costa Rica y M\u00e9xico&#8221;, que cont\u00f3 con el apoyo de CORFO Los Lagos a trav\u00e9s de la l\u00ednea de financiamiento &#8220;Programa de Prospecci\u00f3n&#8221;.<\/p>\n<p>En dicha actividad expusieron Claudia Huber, Subdirectora de Corfo Los Lagos; Javier Garc\u00eda, Seremi Energ\u00eda los Lagos; Pamela Bert\u00edn, Seremi Agricultura Los Lagos; Cristi\u00e1n Swett, Vicepresidente Consorcio Lechero; Christian Malebr\u00e1n, Ministerio de Energ\u00eda; los Coordinadores Nacional y Regional del Programa GEF Biog\u00e1s y los Agricultores que participaron de la gira.<\/p>\n<p>Al Seminario asistieron en total\u00a0115 personas, 77 hombres y 38 mujeres. Por participaci\u00f3n en el rubro l\u00e1cteo:<\/p>\n<ul>\n<li>46 productores(as) de ambas regiones. 36 de Los Lagos y 10 de Los R\u00edos.<\/li>\n<li>18 representantes del sector p\u00fablico. Organismos con competencia.<\/li>\n<li>2 representantes de Asociaciones Gremiales.<\/li>\n<li>3 Representantes de la industria l\u00e1ctea.<\/li>\n<li>1 representante de Directorio Regional de GTT.<\/li>\n<li>7 representantes del \u00e1mbito acad\u00e9mico.<\/li>\n<li>37 Representantes de empresas y proveedores de asistencia t\u00e9cnica en materias del sector y biog\u00e1s.<\/li>\n<\/ul>\n<p>En la gira participaron 12 agricultores lecheros de las regiones Los R\u00edos y Los Lagos, que se identifican a continuaci\u00f3n:<\/p>\n<p>Durante el seminario se realizaron presentaciones por parte del Coordinador Nacional del Programa Sr. Javier Obach, la Coordinadora Regional Srta. Marianela Rosas, quien present\u00f3 junto a dos agricultores que fueron a la gira, \u00a0Sr. Eduardo Garc\u00eda y Sra. Mar\u00eda Eliana Burnier; y el Director del Programa, Sr. Christian Malebr\u00e1n.<\/p>\n<p><u>Testimonios de agricultores:<\/u><\/p>\n<p>Mar\u00eda Eliana Burnier, plante\u00f3 que en el biog\u00e1s observan una posibilidad concreta de reducir los desechos de lecher\u00eda, generar energ\u00eda y tambi\u00e9n obtener fertilizantes.<\/p>\n<p>\u201c<em>Las experiencias fueron muy buenas. Vimos sistemas en peque\u00f1a escala en predios familiares, como tambi\u00e9n en industrias grandes. En el caso nuestro lo vemos factible en el mediano plazo y nos gustar\u00eda que m\u00e1s productores nacionales se pudieran interesar en conocer estas tecnolog\u00edas de energ\u00edas renovables no convencionales porque es hacia all\u00e1 donde tenemos que apuntar<\/em>\u201d.<\/p>\n<p>El representante de Quesos La Reconquista, Eduardo Garc\u00eda, particip\u00f3 de esta gira y valor\u00f3 las posibilidades que ofrece esta tecnolog\u00eda.\u00a0\u201cFuimos a la gira, ya que estamos trabajando en la biosustentabilidad, viendo c\u00f3mo pasteurizar los quesos con biog\u00e1s. Ellos producen leche en su predio y la procesan para obtener quesos de alta calidad. Hoy tenemos un purinero en nuestro predio, pero en vez de eso queremos tener un sistema de biodigesti\u00f3n que genere el gas para calentar el agua y desarrollar el pasteurizado de la leche\u201d.<\/p>\n<p>\u201c<em>El potencial de esta tecnolog\u00eda es tremendo. Nos interesa en lo personal la parte t\u00e9rmica, usar el gas en el proceso de calentamiento de agua en nuestro sistema. Esto en nuestro contexto, pero tambi\u00e9n puede servir para quienes tienen un estanque de fr\u00edo, que tiene una alta demanda de energ\u00eda en verano. En Costa Rica y M\u00e9xico vimos que trabajan desde hace a\u00f1os en la biodigesti\u00f3n como energ\u00eda renovable no convencional, pero nosotros tenemos que generar m\u00e1s informaci\u00f3n. Estamos empezando. No tenemos las temperaturas que tienen ellos, tenemos que ver qu\u00e9 pasa con la fermentaci\u00f3n, por lo que estamos trabajando para levantar informaci\u00f3n y avanzar en ese sentido. Aqu\u00ed el GEF Biog\u00e1s tiene mucho por ayudar, se necesita que participemos todos, los productores para que estudiemos el tema en las lecher\u00eda<\/em>\u201d,\u00a0resume Eduardo Garc\u00eda.<\/p>\n<p>Para el productor, ver c\u00f3mo funcionan estos sistemas tanto a nivel de granjas peque\u00f1as como de industrias, le reafirm\u00f3 la opci\u00f3n de uso de biog\u00e1s que quieren desarrollar.\u00a0\u201c<em>Qued\u00e9 gratamente sorprendido al ver que es una tecnolog\u00eda que funciona y que, para llevarla a cabo, tenemos que tener avances y ver c\u00f3mo mejorar las falencias<\/em>\u201d.<\/p>\n<p>Las presentaciones realizadas durante el evento est\u00e1n disponibles en secci\u00f3n <span style=\"color: #ff0000;\">Presentaciones<\/span> dentro de la <span style=\"color: #ff0000;\">Biblioteca<\/span> del presente sitio web.<\/p>\n<p>Cobertura en comunicaciones Canal13<\/p>\n<p>Ver video <a href=\"https:\/\/mobile.unido.org\/owa\/redir.aspx?C=hEKfrynCg4Rl7qocXL7K98_dhdclewTRZNMMjFYzQY4J-Cf5EgfUCA..&amp;URL=http%3a%2f%2fwww.t13.cl%2fvideos%2fnacional%2ftendencias%2fvideo-desechos-generan-gas\">http:\/\/www.t13.cl\/videos\/nacional\/tendencias\/video-desechos-generan-gas<\/a><\/p>\n<p>Cobertura comunicacional por parte del Diario Austral de Osorno<\/p>\n<p><a href=\"https:\/\/mobile.unido.org\/owa\/redir.aspx?C=oA0TRq6TCQL8fKUN_CZYai91ft2Y6hgcvDd7ai0TXpAJ-Cf5EgfUCA..&amp;URL=http%3a%2f%2fwww.australosorno.cl%2fimpresa%2f2016%2f10%2f31%2ffull%2fcampo-sureno%2f11%2f\">http:\/\/www.australosorno.cl\/impresa\/2016\/10\/31\/full\/campo-sureno\/11\/<\/a><a href=\"https:\/\/mobile.unido.org\/owa\/redir.aspx?C=oA0TRq6TCQL8fKUN_CZYai91ft2Y6hgcvDd7ai0TXpAJ-Cf5EgfUCA..&amp;URL=http%3a%2f%2fwww.australosorno.cl%2fimpresa%2f2016%2f10%2f31%2ffull%2fcampo-sureno%2f11%2f\">http:\/\/www.australosorno.cl\/impresa\/2016\/10\/31\/full\/campo-sureno\/11\/<\/a><\/p>\n","protected":false},"excerpt":{"rendered":"<p>El 19 de Octubre 2016 en el Hotel Sonesta de Osorno, Regi\u00f3n de Los Lagos, se realiz\u00f3 el seminario de difusi\u00f3n \u201cGira de prospecci\u00f3n de tecnolog\u00edas en biodigesti\u00f3n anaer\u00f3bica de residuos de la agroindustria de Costa Rica y M\u00e9xico&#8221;, que cont\u00f3 con el apoyo de CORFO Los Lagos a trav\u00e9s de la l\u00ednea de financiamiento [&hellip;]<\/p>\n","protected":false},"author":3,"featured_media":775,"comment_status":"open","ping_status":"open","sticky":false,"template":"","format":"standard","meta":{"_acf_changed":false,"footnotes":""},"categories":[18,3],"tags":[],"class_list":["post-774","post","type-post","status-publish","format-standard","has-post-thumbnail","hentry","category-eventos","category-novedades"],"acf":[],"_links":{"self":[{"href":"https:\/\/biogaslechero.minenergia.cl\/index.php?rest_route=\/wp\/v2\/posts\/774","targetHints":{"allow":["GET"]}}],"collection":[{"href":"https:\/\/biogaslechero.minenergia.cl\/index.php?rest_route=\/wp\/v2\/posts"}],"about":[{"href":"https:\/\/biogaslechero.minenergia.cl\/index.php?rest_route=\/wp\/v2\/types\/post"}],"author":[{"embeddable":true,"href":"https:\/\/biogaslechero.minenergia.cl\/index.php?rest_route=\/wp\/v2\/users\/3"}],"replies":[{"embeddable":true,"href":"https:\/\/biogaslechero.minenergia.cl\/index.php?rest_route=%2Fwp%2Fv2%2Fcomments&post=774"}],"version-history":[{"count":2,"href":"https:\/\/biogaslechero.minenergia.cl\/index.php?rest_route=\/wp\/v2\/posts\/774\/revisions"}],"predecessor-version":[{"id":777,"href":"https:\/\/biogaslechero.minenergia.cl\/index.php?rest_route=\/wp\/v2\/posts\/774\/revisions\/777"}],"wp:featuredmedia":[{"embeddable":true,"href":"https:\/\/biogaslechero.minenergia.cl\/index.php?rest_route=\/wp\/v2\/media\/775"}],"wp:attachment":[{"href":"https:\/\/biogaslechero.minenergia.cl\/index.php?rest_route=%2Fwp%2Fv2%2Fmedia&parent=774"}],"wp:term":[{"taxonomy":"category","embeddable":true,"href":"https:\/\/biogaslechero.minenergia.cl\/index.php?rest_route=%2Fwp%2Fv2%2Fcategories&post=774"},{"taxonomy":"post_tag","embeddable":true,"href":"https:\/\/biogaslechero.minenergia.cl\/index.php?rest_route=%2Fwp%2Fv2%2Ftags&post=774"}],"curies":[{"name":"wp","href":"https:\/\/api.w.org\/{rel}","templated":true}]}}